{"id":1115,"date":"2014-10-24T19:09:40","date_gmt":"2014-10-24T19:09:40","guid":{"rendered":"http:\/\/pageblogi.pl\/?p=1115"},"modified":"2014-10-24T19:09:40","modified_gmt":"2014-10-24T19:09:40","slug":"zakup-dobry-odkurzacz-centralny","status":"publish","type":"post","link":"http:\/\/pageblogi.pl\/?p=1115","title":{"rendered":"Zakup dobry odkurzacz centralny"},"content":{"rendered":"<p>Je\u015bli zdecydowa\u0142e\u015b si\u0119 na za\u0142o\u017cenie instalacji centralnego odkurzacza w w\u0142asnej firmie, domu czy biurze, ale nie wiesz jakiego producenta wybra\u0107, jaki b\u0119dzie najbardziej stosowny i b\u0119dzie realizowa\u0142 wszystkie Twoje wymagania, mo\u017cesz poszuka\u0107 ofert wszystkich producent\u00f3w, \u017ceby je por\u00f3wna\u0107 i stwierdzi\u0107, kt\u00f3ra oferta jest dla was najbardziej interesuj\u0105ca.<\/p>\n<p><!--more--><\/p>\n<p>Mo\u017cecie tak\u017ce w sieci, pod has\u0142ami: odkurzacz centralny, odkurzacz centralny beam, odkurzacze centralne, odkurzacz centralny cena, centralny odkurzacz, odkurzacze centralne sklep, http:\/\/www.ecomol.pl, http:\/\/www.ecomol.pl \u2013 znale\u017a\u0107 opinie u\u017cytkownik\u00f3w, kt\u00f3rzy korzystaj\u0105 ju\u017c z tego nowoczesnego sprz\u0119tu i potrafi\u0105 si\u0119 wypowiedzie\u0107, czy spe\u0142nia ich oczekiwania, czy polecaj\u0105 danego producenta czy te\u017c nie. Mo\u017cecie by\u0107 pewni, \u017ce bez opuszczania domu, siedz\u0105c przed komputerem znajdziecie wszystkie niezb\u0119dne Tobie informacje, kt\u00f3re pomog\u0105 Ci zdecydowa\u0107, jakiego producenta i jakie odkurzacze centralne b\u0119d\u0105 dla was w\u0142a\u015bciwe, b\u0119d\u0105 spe\u0142nia\u0107 wszystkie wasze wymogi i oczekiwania. Na pewno sprz\u0119t tego typu swoje kosztuje, bo za za\u0142o\u017cenie takiej instalacji powinni\u015bmy liczy\u0107 od 5.000 PLN w g\u00f3r\u0119. Dlaczego zatem decydujemy si\u0119 na tak drogi sprz\u0119t? Bo to nowoczesna technika, kt\u00f3ra u\u0142atwi nam sprz\u0105tanie, pomo\u017ce pozby\u0107 si\u0119 nerw\u00f3w zwi\u0105zanych z noszeniem odkurzacza, z jego opr\u00f3\u017cnianiem i brudem, kt\u00f3ry si\u0119 z niego wydostaje w trakcie sprz\u0105tania. Maj\u0105c instalacj\u0119 centralnego odkurzacza, w tej samej chwili zauwa\u017cymy r\u00f3\u017cnic\u0119 w czysto\u015bci naszego domu a tak\u017ce w powietrzu, kt\u00f3re po sprz\u0105taniu b\u0119dzie czyste i delikatne, a nie \u015bmierdz\u0105ce, jak to cz\u0119stokro\u0107 bywa\u0142o po u\u017cyciu tradycyjnych odkurzaczy.<\/p>\n<p>Zobacz wi\u0119cej: <a href=\"http:\/\/www.ecomol.pl\">centralny odkurzacz<\/a>.<\/p>\n","protected":false},"excerpt":{"rendered":"<p>Je\u015bli zdecydowa\u0142e\u015b si\u0119 na za\u0142o\u017cenie instalacji centralnego odkurzacza w w\u0142asnej firmie, domu czy biurze, ale nie wiesz jakiego producenta wybra\u0107, jaki b\u0119dzie najbardziej stosowny i&hellip;<\/p>\n","protected":false},"author":1,"featured_media":0,"comment_status":"open","ping_status":"open","sticky":false,"template":"","format":"standard","meta":[],"categories":[1],"tags":[],"_links":{"self":[{"href":"http:\/\/pageblogi.pl\/index.php?rest_route=\/wp\/v2\/posts\/1115"}],"collection":[{"href":"http:\/\/pageblogi.pl\/index.php?rest_route=\/wp\/v2\/posts"}],"about":[{"href":"http:\/\/pageblogi.pl\/index.php?rest_route=\/wp\/v2\/types\/post"}],"author":[{"embeddable":true,"href":"http:\/\/pageblogi.pl\/index.php?rest_route=\/wp\/v2\/users\/1"}],"replies":[{"embeddable":true,"href":"http:\/\/pageblogi.pl\/index.php?rest_route=%2Fwp%2Fv2%2Fcomments&post=1115"}],"version-history":[{"count":1,"href":"http:\/\/pageblogi.pl\/index.php?rest_route=\/wp\/v2\/posts\/1115\/revisions"}],"predecessor-version":[{"id":1116,"href":"http:\/\/pageblogi.pl\/index.php?rest_route=\/wp\/v2\/posts\/1115\/revisions\/1116"}],"wp:attachment":[{"href":"http:\/\/pageblogi.pl\/index.php?rest_route=%2Fwp%2Fv2%2Fmedia&parent=1115"}],"wp:term":[{"taxonomy":"category","embeddable":true,"href":"http:\/\/pageblogi.pl\/index.php?rest_route=%2Fwp%2Fv2%2Fcategories&post=1115"},{"taxonomy":"post_tag","embeddable":true,"href":"http:\/\/pageblogi.pl\/index.php?rest_route=%2Fwp%2Fv2%2Ftags&post=1115"}],"curies":[{"name":"wp","href":"https:\/\/api.w.org\/{rel}","templated":true}]}}