{"id":1357,"date":"2015-06-15T10:06:28","date_gmt":"2015-06-15T10:06:28","guid":{"rendered":"http:\/\/pageblogi.pl\/?p=1357"},"modified":"2015-06-15T10:06:28","modified_gmt":"2015-06-15T10:06:28","slug":"jaka-wybrac-podloge","status":"publish","type":"post","link":"http:\/\/pageblogi.pl\/?p=1357","title":{"rendered":"Jak\u0105 wybra\u0107 pod\u0142og\u0119"},"content":{"rendered":"<p>Aran\u017cacja wn\u0119trz to nie tylko wyb\u00f3r koloru \u015bcian i dobranie odpowiednich mebli czy dodatk\u00f3w dopasowanych do stylu mieszkania. Urz\u0105dzaj\u0105c wymarzone wn\u0119trze powinno si\u0119 zadba\u0107 o ka\u017cdy element &#8211; wszystko musi by\u0107 stosownie skomponowane. Fundamentem s\u0105 wi\u0119c \u015bciany i pod\u0142oga &#8211; to one decyduj\u0105 o og\u00f3lnym wygl\u0105dzie wn\u0119trza i nadaj\u0105 mu charakteru. Jak\u0105 pod\u0142og\u0119 wybra\u0107, by s\u0142u\u017cy\u0142a w idealnym stanie przez lata, by\u0142a \u0142atwa w piel\u0119gnacji i efektownie si\u0119 prezentowa\u0142a? <!--more--> W wielu wypadkach mieszka\u0144 idealnie sprawdzaj\u0105 si\u0119 pod\u0142ogi drewniane. Pasuj\u0105 do ka\u017cdego stylu, daj\u0105 spore mo\u017cliwo\u015bci w aran\u017cacji a co najbardziej istotne, mo\u017cemy cieszy\u0107 si\u0119 nimi przez d\u0142ugie lata. Deski pod\u0142ogowe daj\u0105 mn\u00f3stwo mo\u017cliwo\u015bci &#8211; mo\u017cna osobi\u015bcie dobra\u0107 ichniejszym kolor oraz rodzaj. Do jasnej i ogromnej przestrzeni \u015bwietnie pasowa\u0107 b\u0119dzie parkiet z ciemnego drewna, jednak\u017ce niezbyt du\u017ce i ciemne wn\u0119trza optycznie powi\u0119kszy jasna pod\u0142oga. Drewno to zw\u0142aszcza wytrzyma\u0142y i \u0142atwy w piel\u0119gnacji materia\u0142, nie powinno si\u0119 zatem przejmowa\u0107 si\u0119, \u017ce po czasie drewniana pod\u0142oga straci na atrakcyjno\u015bci i b\u0119dzie szpeci\u0107 zamiast zdobi\u0107. Jej mycie jest \u0142atwe a na rynku dost\u0119pnych jest wiele preparat\u00f3w gwarantuj\u0105cych po\u0142ysk i utrzymanie parkietu w dobrym stanie przez d\u0142ugi okres czasu. Powinno si\u0119 r\u00f3wnie\u017c pami\u0119ta\u0107, \u017ce nawet je\u017celi mieszkanie b\u0119dzie przechodzi\u0107 metamorfoz\u0119, drewno mo\u017cna w \u0142atwy spos\u00f3b dopasowa\u0107 &#8211; deski mo\u017cna przemalowa\u0107 i niewielkim kosztem wprowadzi\u0107 zmiany we wn\u0119trzu. Decyduj\u0105c si\u0119 na pod\u0142og\u0119, polecam sprawdzi\u0107 parkiety Warszawa i dobra\u0107 perfekcyjne materia\u0142y do swojego mieszkania.<\/p>\n<p>Wi\u0119cej: <a href=\"http:\/\/www.galeriapodlog.com\/\">deski pod\u0142ogowe<\/a>.<\/p>\n","protected":false},"excerpt":{"rendered":"<p>Aran\u017cacja wn\u0119trz to nie tylko wyb\u00f3r koloru \u015bcian i dobranie odpowiednich mebli czy dodatk\u00f3w dopasowanych do stylu mieszkania. Urz\u0105dzaj\u0105c wymarzone wn\u0119trze powinno si\u0119 zadba\u0107 o&hellip;<\/p>\n","protected":false},"author":1,"featured_media":0,"comment_status":"closed","ping_status":"closed","sticky":false,"template":"","format":"standard","meta":[],"categories":[1],"tags":[],"_links":{"self":[{"href":"http:\/\/pageblogi.pl\/index.php?rest_route=\/wp\/v2\/posts\/1357"}],"collection":[{"href":"http:\/\/pageblogi.pl\/index.php?rest_route=\/wp\/v2\/posts"}],"about":[{"href":"http:\/\/pageblogi.pl\/index.php?rest_route=\/wp\/v2\/types\/post"}],"author":[{"embeddable":true,"href":"http:\/\/pageblogi.pl\/index.php?rest_route=\/wp\/v2\/users\/1"}],"replies":[{"embeddable":true,"href":"http:\/\/pageblogi.pl\/index.php?rest_route=%2Fwp%2Fv2%2Fcomments&post=1357"}],"version-history":[{"count":1,"href":"http:\/\/pageblogi.pl\/index.php?rest_route=\/wp\/v2\/posts\/1357\/revisions"}],"predecessor-version":[{"id":1358,"href":"http:\/\/pageblogi.pl\/index.php?rest_route=\/wp\/v2\/posts\/1357\/revisions\/1358"}],"wp:attachment":[{"href":"http:\/\/pageblogi.pl\/index.php?rest_route=%2Fwp%2Fv2%2Fmedia&parent=1357"}],"wp:term":[{"taxonomy":"category","embeddable":true,"href":"http:\/\/pageblogi.pl\/index.php?rest_route=%2Fwp%2Fv2%2Fcategories&post=1357"},{"taxonomy":"post_tag","embeddable":true,"href":"http:\/\/pageblogi.pl\/index.php?rest_route=%2Fwp%2Fv2%2Ftags&post=1357"}],"curies":[{"name":"wp","href":"https:\/\/api.w.org\/{rel}","templated":true}]}}