{"id":13749,"date":"2021-12-23T01:57:02","date_gmt":"2021-12-23T01:57:02","guid":{"rendered":"http:\/\/pageblogi.pl\/?p=13749"},"modified":"2021-12-23T01:57:02","modified_gmt":"2021-12-23T01:57:02","slug":"fotografia-industrialna","status":"publish","type":"post","link":"http:\/\/pageblogi.pl\/?p=13749","title":{"rendered":"Fotografia industrialna"},"content":{"rendered":"<p>Je\u015bli potrzebujemy profesjonalnych sesji zdj\u0119ciowych, to zdecydowanie warto skorzysta\u0107 z do\u015bwiadczonych firm, kt\u00f3re oferuj\u0105 w g\u0142\u00f3wnej mierze zdj\u0119cia firmowe. Powinno si\u0119 pami\u0119ta\u0107 o tym, \u017ce profesjonalna fotografia to przede wszystkim dobry sprz\u0119t, ale tak\u017ce do\u015bwiadczeni i utalentowani fotografowie.Us\u0142ugi fotograficzne &#8211; na co zwr\u00f3ci\u0107 uwag\u0119?Us\u0142ugi fotograficzne skierowane s\u0105 zar\u00f3wno do os\u00f3b indywidualnych, jak r\u00f3wnie\u017c bardzo cz\u0119sto do klient\u00f3w biznesowych, a zatem r\u00f3\u017cnych podmiot\u00f3w gospodarczych.<!--more--><\/p>\n<p>  Coraz cz\u0119\u015bciej z takich us\u0142ug korzystaj\u0105 firmy przyk\u0142adowo w sektorze przemys\u0142owym, kt\u00f3re pragn\u0105 zaprezentowa\u0107 si\u0119 swoim klientom i kontrahentom w jak najlepszym \u015bwietle za pomoc\u0105 stosownej oprawy fotograficznej (polecam: <a href=\"https:\/\/impact-photo.pl\/fotografia-przemyslowa\/\">fotografia przemys\u0142owa<\/a>). Trzeba jednak pami\u0119ta\u0107 o tym, \u017ce fotografia industrialna wymaga g\u0142\u00f3wnie dobrego podej\u015bcia, sprz\u0119tu, jak tak\u017ce umiej\u0119tnego uchwycenia najwa\u017cniejszych cech danego przedsi\u0119biorstwa. Warto zatem to zadanie odda\u0107 w r\u0119ce fachowc\u00f3w, kt\u00f3rzy nie tylko i wy\u0142\u0105cznie dysponuj\u0105 zaawansowanym sprz\u0119tem, niemniej jednak te\u017c maj\u0105 do\u015bwiadczenie i potrafi\u0105 w jak najlepszy spos\u00f3b zademonstrowa\u0107 hale magazynowe, hale produkcyjne czy pracownik\u00f3w przy pracy. A dodatkowo us\u0142ugi fotograficzne obejmuj\u0105 r\u00f3wnie\u017c fotografie wykonywane na specjalne \u017cyczenia firm, kt\u00f3re mo\u017ce dotyczy\u0107 np fotografowania wydarzenia plenerowego (sprawd\u017a tutaj: <a href=\"https:\/\/impact-photo.pl\/fotografia-biznesowa\/\">fotografia biznesowa<\/a>). Jest to te\u017c fotografia reporta\u017cowa, czyli pokazanie relacji fotograficznej z jakiego\u015b wydarzenia. Jak si\u0119 zatem okazuje, us\u0142ugi fotograficzne maj\u0105 charakter z\u0142o\u017cony i dostosowane s\u0105 do indywidualnych potrzeb klienta.<br \/>Polecamy: <a href=\"https:\/\/impact-photo.pl\">fotografia industrialna<\/a>.<\/p>\n","protected":false},"excerpt":{"rendered":"<p>Je\u015bli potrzebujemy profesjonalnych sesji zdj\u0119ciowych, to zdecydowanie warto skorzysta\u0107 z do\u015bwiadczonych firm, kt\u00f3re oferuj\u0105 w g\u0142\u00f3wnej mierze zdj\u0119cia firmowe. Powinno si\u0119 pami\u0119ta\u0107 o tym, \u017ce&hellip;<\/p>\n","protected":false},"author":1,"featured_media":0,"comment_status":"closed","ping_status":"open","sticky":false,"template":"","format":"standard","meta":[],"categories":[1],"tags":[],"_links":{"self":[{"href":"http:\/\/pageblogi.pl\/index.php?rest_route=\/wp\/v2\/posts\/13749"}],"collection":[{"href":"http:\/\/pageblogi.pl\/index.php?rest_route=\/wp\/v2\/posts"}],"about":[{"href":"http:\/\/pageblogi.pl\/index.php?rest_route=\/wp\/v2\/types\/post"}],"author":[{"embeddable":true,"href":"http:\/\/pageblogi.pl\/index.php?rest_route=\/wp\/v2\/users\/1"}],"replies":[{"embeddable":true,"href":"http:\/\/pageblogi.pl\/index.php?rest_route=%2Fwp%2Fv2%2Fcomments&post=13749"}],"version-history":[{"count":1,"href":"http:\/\/pageblogi.pl\/index.php?rest_route=\/wp\/v2\/posts\/13749\/revisions"}],"predecessor-version":[{"id":13750,"href":"http:\/\/pageblogi.pl\/index.php?rest_route=\/wp\/v2\/posts\/13749\/revisions\/13750"}],"wp:attachment":[{"href":"http:\/\/pageblogi.pl\/index.php?rest_route=%2Fwp%2Fv2%2Fmedia&parent=13749"}],"wp:term":[{"taxonomy":"category","embeddable":true,"href":"http:\/\/pageblogi.pl\/index.php?rest_route=%2Fwp%2Fv2%2Fcategories&post=13749"},{"taxonomy":"post_tag","embeddable":true,"href":"http:\/\/pageblogi.pl\/index.php?rest_route=%2Fwp%2Fv2%2Ftags&post=13749"}],"curies":[{"name":"wp","href":"https:\/\/api.w.org\/{rel}","templated":true}]}}