{"id":17263,"date":"2025-08-04T12:53:09","date_gmt":"2025-08-04T12:53:09","guid":{"rendered":"http:\/\/pageblogi.pl\/?p=17263"},"modified":"2025-08-04T12:53:09","modified_gmt":"2025-08-04T12:53:09","slug":"rozplanowanie-wnetrz-obiektow-uslugowych","status":"publish","type":"post","link":"http:\/\/pageblogi.pl\/?p=17263","title":{"rendered":"Rozplanowanie wn\u0119trz obiekt\u00f3w us\u0142ugowych"},"content":{"rendered":"<p>Projektowanie przestrzeni u\u017cytkowych wymaga uwzgl\u0119dnienia wielu aspekt\u00f3w funkcjonalnych i estetycznych, kt\u00f3re wp\u0142ywaj\u0105 na do\u015bwiadczenie os\u00f3b korzystaj\u0105cych z takich miejsc. W sytuacji pomieszcze\u0144 handlowych i us\u0142ugowych szczeg\u00f3lne znaczenie ma odpowiednie zaplanowanie uk\u0142adu pomieszcze\u0144 oraz dob\u00f3r element\u00f3w wyposa\u017cenia, kt\u00f3re maj\u0105 za zadanie nie tylko spe\u0142nia\u0107 praktyczne potrzeby, ale tak\u017ce wp\u0142ywa\u0107 na komfort i funkcjonalno\u015b\u0107 pracy a tak\u017ce obs\u0142ugi klient\u00f3w. Przededukowanie charakterystyki danego miejsca a tak\u017ce specyfiki dzia\u0142alno\u015bci, jak\u0105 ma w nim prowadzi\u0107 si\u0119 dzia\u0142alno\u015b\u0107 handlowa albo us\u0142ugowa, stanowi punkt wyj\u015bcia do tworzenia aran\u017cacji odpowiadaj\u0105cej tym wymogom.<!--more--><\/p>\n<p>  Wn\u0119trza te musz\u0105 by\u0107 dostosowane do wymaga\u0144 ergonomii oraz standard\u00f3w bezpiecze\u0144stwa, a tak\u017ce do norm dotycz\u0105cych dost\u0119pno\u015bci dla os\u00f3b z r\u00f3\u017cnymi potrzebami.<\/p>\n<p>Planowanie przestrzeni handlowych wymaga uwzgl\u0119dnienia kwestii zwi\u0105zanych z ruchem klient\u00f3w a tak\u017ce pracownik\u00f3w, co wp\u0142ywa na efektywno\u015b\u0107 korzystania z powierzchni i organizacj\u0119 miejsc zatrudnienia. Istotn\u0105 rol\u0119 odgrywa tak\u017ce w\u0142a\u015bciwe o\u015bwietlenie oraz dobieranie materia\u0142\u00f3w wyko\u0144czeniowych, kt\u00f3re maj\u0105 wp\u0142yw na atmosfer\u0119 panuj\u0105c\u0105 w danym miejscu. Wn\u0119trza us\u0142ugowe z kolei cz\u0119sto musz\u0105 \u0142\u0105czy\u0107 funkcje reprezentacyjne z praktycznymi, co znaczy konieczno\u015b\u0107 zadbania o elementy tj. recepcja, miejsca oczekiwania, czy te\u017c przestrzenie do wykonywania konkretnych us\u0142ug. W ka\u017cdym przypadku istotne jest zapewnienie adekwatnej cyrkulacji powietrza a tak\u017ce d\u017awi\u0119koszczelno\u015bci, kt\u00f3re wp\u0142ywaj\u0105 na komfort zar\u00f3wno pracownik\u00f3w, jak i klient\u00f3w.<\/p>\n<p>Projektowanie wn\u0119trz handlowych i us\u0142ugowych wi\u0105\u017ce si\u0119 tak\u017ce z wyborem mebli i urz\u0105dze\u0144, kt\u00f3re powinny by\u0107 dostosowane do specyfiki bran\u017cy i rodzaju oferowanych towar\u00f3w czy us\u0142ug. W praktyce znaczy to konieczno\u015b\u0107 analizy potrzeb u\u017cytkownik\u00f3w a tak\u017ce sposobu, w jaki b\u0119d\u0105 skorzysta\u0107 z danej przestrzeni. Meble musz\u0105 by\u0107 funkcjonalne i trwa\u0142e, a ich uk\u0142ad powinien umo\u017cliwia\u0107 intuicyjny dost\u0119p do towar\u00f3w czy us\u0142ug. R\u00f3wnie istotne jest zaplanowanie przestrzeni magazynowej oraz zaplecza technicznego, kt\u00f3re s\u0105 nieod\u0142\u0105cznym elementem ka\u017cdego obiektu handlowo-us\u0142ugowego. Optymalne u\u017cycie dost\u0119pnej powierzchni jest kluczowe dla utrzymania porz\u0105dku i sprawnej organizacji pracy.<\/p>\n<p>W kontek\u015bcie projektowania pomieszcze\u0144 handlowych i us\u0142ugowych coraz cz\u0119\u015bciej brane s\u0105 pod uwag\u0119 tak\u017ce aspekty ekologiczne i zr\u00f3wnowa\u017conego rozwoju. Tyczy si\u0119 to mi\u0119dzy innymi stosowania materia\u0142\u00f3w o niskim oddzia\u0142ywaniu na \u015brodowisko oraz rozwi\u0105za\u0144 sprzyjaj\u0105cych oszcz\u0119dno\u015bci energii i poprawie jako\u015bci powietrza. Wprowadzanie tych element\u00f3w do przestrzeni u\u017cytkowych wymaga wsp\u00f3\u0142pracy r\u00f3\u017cnorakich specjalist\u00f3w, a tak\u017ce znajomo\u015bci aktualnych trend\u00f3w i standard\u00f3w. W ten spos\u00f3b mo\u017cna tworzy\u0107 miejsca, kt\u00f3re spe\u0142niaj\u0105 zar\u00f3wno wymogi funkcjonalne, jak i spo\u0142eczne czy \u015brodowiskowe, cho\u0107 zakres u\u017cycia takich rozwi\u0105za\u0144 jest zr\u00f3\u017cnicowany w zale\u017cno\u015bci od charakteru i zlokalizowania konkretnego obiektu.<br \/>\n<br \/>Sprawd\u017a r\u00f3wnie\u017c informacje na stronie: <a href=\"https:\/\/370studio.com\/oferta\/sklepy-i-showroomy\/\">aran\u017cacja showroomu<\/a>.<\/p>\n","protected":false},"excerpt":{"rendered":"<p>Projektowanie przestrzeni u\u017cytkowych wymaga uwzgl\u0119dnienia wielu aspekt\u00f3w funkcjonalnych i estetycznych, kt\u00f3re wp\u0142ywaj\u0105 na do\u015bwiadczenie os\u00f3b korzystaj\u0105cych z takich miejsc. W sytuacji pomieszcze\u0144 handlowych i us\u0142ugowych&hellip;<\/p>\n","protected":false},"author":1,"featured_media":0,"comment_status":"closed","ping_status":"open","sticky":false,"template":"","format":"standard","meta":[],"categories":[1],"tags":[],"_links":{"self":[{"href":"http:\/\/pageblogi.pl\/index.php?rest_route=\/wp\/v2\/posts\/17263"}],"collection":[{"href":"http:\/\/pageblogi.pl\/index.php?rest_route=\/wp\/v2\/posts"}],"about":[{"href":"http:\/\/pageblogi.pl\/index.php?rest_route=\/wp\/v2\/types\/post"}],"author":[{"embeddable":true,"href":"http:\/\/pageblogi.pl\/index.php?rest_route=\/wp\/v2\/users\/1"}],"replies":[{"embeddable":true,"href":"http:\/\/pageblogi.pl\/index.php?rest_route=%2Fwp%2Fv2%2Fcomments&post=17263"}],"version-history":[{"count":1,"href":"http:\/\/pageblogi.pl\/index.php?rest_route=\/wp\/v2\/posts\/17263\/revisions"}],"predecessor-version":[{"id":17264,"href":"http:\/\/pageblogi.pl\/index.php?rest_route=\/wp\/v2\/posts\/17263\/revisions\/17264"}],"wp:attachment":[{"href":"http:\/\/pageblogi.pl\/index.php?rest_route=%2Fwp%2Fv2%2Fmedia&parent=17263"}],"wp:term":[{"taxonomy":"category","embeddable":true,"href":"http:\/\/pageblogi.pl\/index.php?rest_route=%2Fwp%2Fv2%2Fcategories&post=17263"},{"taxonomy":"post_tag","embeddable":true,"href":"http:\/\/pageblogi.pl\/index.php?rest_route=%2Fwp%2Fv2%2Ftags&post=17263"}],"curies":[{"name":"wp","href":"https:\/\/api.w.org\/{rel}","templated":true}]}}