{"id":17592,"date":"2025-09-01T03:12:06","date_gmt":"2025-09-01T03:12:06","guid":{"rendered":"http:\/\/pageblogi.pl\/?p=17592"},"modified":"2025-09-01T03:12:06","modified_gmt":"2025-09-01T03:12:06","slug":"kompleksowe-koncepcje-aranzacji","status":"publish","type":"post","link":"http:\/\/pageblogi.pl\/?p=17592","title":{"rendered":"Kompleksowe koncepcje aran\u017cacji"},"content":{"rendered":"<p>Aran\u017cacja przestrzeni mieszkalnej albo u\u017cytkowej wymaga rozwa\u017cenia wielu aspekt\u00f3w zwi\u0105zanych zar\u00f3wno z funkcjonalno\u015bci\u0105, jak i estetyk\u0105 wn\u0119trz. Uk\u0142ad mebli, o\u015bwietlenie, kolory \u015bcian oraz wybieranie materia\u0142\u00f3w maj\u0105 wp\u0142yw na komfort przebywania w danym miejscu, oraz na postrzeganie przestrzeni przez osoby z niego korzystaj\u0105ce. Projektowanie pomieszcze\u0144 obejmuje analiz\u0119 potrzeb mieszka\u0144c\u00f3w lub u\u017cytkownik\u00f3w, rozwa\u017cenie charakterystyki przestrzeni i sposob\u00f3w technicznych, co daje mo\u017cliwo\u015b\u0107 na planowanie rozwi\u0105za\u0144 dopasowanych do okre\u015blonego kontekstu.<!--more--><\/p>\n<p>  Przy tej okazji konstatuje si\u0119 r\u00f3wnie\u017c ergonomi\u0119, spos\u00f3b u\u017cytkowania wn\u0119trz oraz wymian\u0119 ruchu, kt\u00f3re mog\u0105 posiada\u0107 znaczenie dla wygody codziennego funkcjonowania.<\/p>\n<p>W procesie budowy koncepcji przestrzeni wykorzystuje si\u0119 r\u00f3\u017cne narz\u0119dzia wizualizacyjne, kt\u00f3re pozwalaj\u0105 oszacowa\u0107 wygl\u0105d i proporcje pomieszcze\u0144 przed wprowadzeniem rzeczywistych przekszta\u0142ce\u0144. Kompleksowe projektowanie wn\u0119trz obejmuje nie tylko i wy\u0142\u0105cznie rozmieszczenie mebli i element\u00f3w dekoracyjnych, ale r\u00f3wnie\u017c planowanie instalacji elektrycznych, ogrzewania, wentylacji oraz o\u015bwietlenia, co wp\u0142ywa na sp\u00f3jno\u015b\u0107 ca\u0142ego projektu i u\u017cyteczno\u015b\u0107 przestrzeni. Analiza tych element\u00f3w pozwala przewidywanie potencjalnych problem\u00f3w a tak\u017ce wprowadzanie rozwi\u0105za\u0144, kt\u00f3re pozwalaj\u0105 nie gorzej wykorzysta\u0107 dost\u0119pne powierzchnie i materia\u0142y, przy jednoczesnym uwzgl\u0119dnieniu estetyki oraz preferencji u\u017cytkownik\u00f3w.<\/p>\n<p>Rola architekta wn\u0119trz polega na \u0142\u0105czeniu wiedzy technicznej z kreatywnym podej\u015bciem do przestrzeni, co umo\u017cliwia zbudowa\u0107 projekty maj\u0105ce na uwadze zar\u00f3wno aspekty praktyczne, jak i wizualne. W pracy nad projektem bierze si\u0119 pod uwag\u0119 r\u00f3\u017cnorodne czynniki, tj. styl \u017cycia mieszka\u0144c\u00f3w, charakter pomieszcze\u0144 oraz indywidualne wymagania co do palety kolor\u00f3w, o\u015bwietlenia czy wyposa\u017cenia. Uwzgl\u0119dnia si\u0119 te\u017c przepisy budowlane i normy dotycz\u0105ce bezpiecze\u0144stwa, kt\u00f3re mog\u0105 posiada\u0107 wp\u0142yw na mo\u017cliwo\u015bci aran\u017cacyjne, a tak\u017ce wytyczne powi\u0105zane z efektywno\u015bci\u0105 energetyczn\u0105 i wykorzystaniem przestrzeni w spos\u00f3b optymalny.<\/p>\n<p>Decyzje dotycz\u0105ce wyposa\u017cenia i rozmieszczenia element\u00f3w w pomieszczeniach maj\u0105 wp\u0142yw na codzienne korzystanie przestrzeni, komfort przebywania w niej a tak\u017ce praktyczno\u015b\u0107 rozwi\u0105za\u0144. Projektowanie wn\u0119trz w szerszym uj\u0119ciu obejmuje planowanie harmonii mi\u0119dzy funkcj\u0105 a wygl\u0105dem, tak by pomieszczenia by\u0142y dostosowane do indywidualnych potrzeb i zachowa\u0144 u\u017cytkownik\u00f3w. Kompleksowe podej\u015bcie pozwala na integracj\u0119 r\u00f3\u017cnych aspekt\u00f3w aran\u017cacji, w tym doboru materia\u0142\u00f3w, kolor\u00f3w, o\u015bwietlenia i uk\u0142adu mebli, co mo\u017ce wp\u0142ywa\u0107 na spos\u00f3b zastosowania przestrzeni i tworzenie \u015brodowiska odpowiadaj\u0105cego zar\u00f3wno praktycznym, jak i mi\u0142ym dla oka oczekiwaniom os\u00f3b przebywaj\u0105cych w projektowanych wn\u0119trzach.<br \/>\n<br \/>Zobacz wi\u0119cej: <a href=\"https:\/\/inmodulo.pl\">projektowanie wn\u0119trz Toru\u0144<\/a>.<\/p>\n","protected":false},"excerpt":{"rendered":"<p>Aran\u017cacja przestrzeni mieszkalnej albo u\u017cytkowej wymaga rozwa\u017cenia wielu aspekt\u00f3w zwi\u0105zanych zar\u00f3wno z funkcjonalno\u015bci\u0105, jak i estetyk\u0105 wn\u0119trz. Uk\u0142ad mebli, o\u015bwietlenie, kolory \u015bcian oraz wybieranie materia\u0142\u00f3w&hellip;<\/p>\n","protected":false},"author":1,"featured_media":0,"comment_status":"closed","ping_status":"open","sticky":false,"template":"","format":"standard","meta":[],"categories":[1],"tags":[],"_links":{"self":[{"href":"http:\/\/pageblogi.pl\/index.php?rest_route=\/wp\/v2\/posts\/17592"}],"collection":[{"href":"http:\/\/pageblogi.pl\/index.php?rest_route=\/wp\/v2\/posts"}],"about":[{"href":"http:\/\/pageblogi.pl\/index.php?rest_route=\/wp\/v2\/types\/post"}],"author":[{"embeddable":true,"href":"http:\/\/pageblogi.pl\/index.php?rest_route=\/wp\/v2\/users\/1"}],"replies":[{"embeddable":true,"href":"http:\/\/pageblogi.pl\/index.php?rest_route=%2Fwp%2Fv2%2Fcomments&post=17592"}],"version-history":[{"count":1,"href":"http:\/\/pageblogi.pl\/index.php?rest_route=\/wp\/v2\/posts\/17592\/revisions"}],"predecessor-version":[{"id":17593,"href":"http:\/\/pageblogi.pl\/index.php?rest_route=\/wp\/v2\/posts\/17592\/revisions\/17593"}],"wp:attachment":[{"href":"http:\/\/pageblogi.pl\/index.php?rest_route=%2Fwp%2Fv2%2Fmedia&parent=17592"}],"wp:term":[{"taxonomy":"category","embeddable":true,"href":"http:\/\/pageblogi.pl\/index.php?rest_route=%2Fwp%2Fv2%2Fcategories&post=17592"},{"taxonomy":"post_tag","embeddable":true,"href":"http:\/\/pageblogi.pl\/index.php?rest_route=%2Fwp%2Fv2%2Ftags&post=17592"}],"curies":[{"name":"wp","href":"https:\/\/api.w.org\/{rel}","templated":true}]}}