{"id":1787,"date":"2017-06-22T11:33:51","date_gmt":"2017-06-22T11:33:51","guid":{"rendered":"http:\/\/pageblogi.pl\/?p=1787"},"modified":"2017-06-22T11:33:51","modified_gmt":"2017-06-22T11:33:51","slug":"preparaty-do-zebow","status":"publish","type":"post","link":"http:\/\/pageblogi.pl\/?p=1787","title":{"rendered":"Preparaty do z\u0119b\u00f3w"},"content":{"rendered":"<p>O wygl\u0105dzie cz\u0142owieka bardzo w du\u017cej liczbie przypadk\u00f3w decyduje jego u\u015bmiech. Albo jego brak. Dok\u0142adniej m\u00f3wi\u0105c, chodzi o z\u0119by, ich wygl\u0105d i stan.<!--more--><\/p>\n<p>  Nawet najatrakcyjniejsze osoby trac\u0105 na wygl\u0105dzie, je\u015bli maj\u0105 brzydkie i nie do ko\u0144ca zadbane z\u0119by. Czy si\u0119 tego woli, czy nie, z\u0119by stanowi\u0105 bardzo wa\u017cny element wygl\u0105du ka\u017cdego cz\u0142owieka. \u017beby cieszy\u0107 si\u0119 \u0142adnymi z\u0119bami i aby by\u0142y one nasz\u0105 ozdob\u0105, nale\u017cy o z\u0119by nale\u017cycie dba\u0107. Mo\u017cna stosowa\u0107 produkt\u00f3w Curaprox albo innych, kt\u00f3re do piel\u0119gnacji z\u0119b\u00f3w s\u0142u\u017c\u0105. Bardzo wa\u017cne jest to, jakiej pasty do z\u0119b\u00f3w si\u0119 wykorzystuje. Nie ka\u017cda bowiem pasta do z\u0119b\u00f3w ma takie samo dzia\u0142anie. Na rynku dost\u0119pne s\u0105 pasty o dzia\u0142aniu wybielaj\u0105cym. Taka pasta zawiera w swoim sk\u0142adzie czynniki, kt\u00f3re powierzchniowo wybielaj\u0105 z\u0119by i usuwaj\u0105 z nich przebarwienia. Bez w\u0105tpienia taka pasta do z\u0119b\u00f3w nie jest tak skuteczna, jak zabieg wybielania z\u0119b\u00f3w, jednak w pewnym stopniu wp\u0142ywa na kolor ko\u015bci z\u0119bowej. Kiedy dba si\u0119 o z\u0119by, nie wolno zapomina\u0107 tak\u017ce o systematycznej wymianie szczoteczki. Szczoteczki mi\u0119dzyszybowe w trakcie korzystania z ich niszczej\u0105. W\u0142osie zniekszta\u0142ca si\u0119 i nie spe\u0142nia ju\u017c szczeg\u00f3\u0142owo swojego zadania. Szczoteczki, kt\u00f3rych wykorzystuje si\u0119 zbyt d\u0142ugo, nie czyszcz\u0105 z\u0119b\u00f3w tak, jak powinny. Dlatego powinno si\u0119 regularnie wymienia\u0107 szczoteczki do z\u0119b\u00f3w. W higienie jamy ustnej i z\u0119b\u00f3w bardzo istotne jest r\u00f3wnie\u017c wykorzystywanie specjalistycznych p\u0142yn\u00f3w do p\u0142ukania ust. Dzi\u0119ki nim redukuje si\u0119 ilo\u015b\u0107 bakterii w jamie ustnej. To, czego nie zdo\u0142a wyeliminowa\u0107 pasta i szczoteczka, usunie p\u0142yn do p\u0142ukania ust. Jego u\u017cytkowanie jest zalecane.<\/p>\n<p>Sprawd\u017a: <a href=\"https:\/\/shop.curaprox.pl\">Curaprox<\/a>.<\/p>\n","protected":false},"excerpt":{"rendered":"<p>O wygl\u0105dzie cz\u0142owieka bardzo w du\u017cej liczbie przypadk\u00f3w decyduje jego u\u015bmiech. Albo jego brak. Dok\u0142adniej m\u00f3wi\u0105c, chodzi o z\u0119by, ich wygl\u0105d i stan.<\/p>\n","protected":false},"author":1,"featured_media":0,"comment_status":"closed","ping_status":"open","sticky":false,"template":"","format":"standard","meta":[],"categories":[1],"tags":[],"_links":{"self":[{"href":"http:\/\/pageblogi.pl\/index.php?rest_route=\/wp\/v2\/posts\/1787"}],"collection":[{"href":"http:\/\/pageblogi.pl\/index.php?rest_route=\/wp\/v2\/posts"}],"about":[{"href":"http:\/\/pageblogi.pl\/index.php?rest_route=\/wp\/v2\/types\/post"}],"author":[{"embeddable":true,"href":"http:\/\/pageblogi.pl\/index.php?rest_route=\/wp\/v2\/users\/1"}],"replies":[{"embeddable":true,"href":"http:\/\/pageblogi.pl\/index.php?rest_route=%2Fwp%2Fv2%2Fcomments&post=1787"}],"version-history":[{"count":1,"href":"http:\/\/pageblogi.pl\/index.php?rest_route=\/wp\/v2\/posts\/1787\/revisions"}],"predecessor-version":[{"id":1788,"href":"http:\/\/pageblogi.pl\/index.php?rest_route=\/wp\/v2\/posts\/1787\/revisions\/1788"}],"wp:attachment":[{"href":"http:\/\/pageblogi.pl\/index.php?rest_route=%2Fwp%2Fv2%2Fmedia&parent=1787"}],"wp:term":[{"taxonomy":"category","embeddable":true,"href":"http:\/\/pageblogi.pl\/index.php?rest_route=%2Fwp%2Fv2%2Fcategories&post=1787"},{"taxonomy":"post_tag","embeddable":true,"href":"http:\/\/pageblogi.pl\/index.php?rest_route=%2Fwp%2Fv2%2Ftags&post=1787"}],"curies":[{"name":"wp","href":"https:\/\/api.w.org\/{rel}","templated":true}]}}