{"id":3881,"date":"2020-02-10T10:34:03","date_gmt":"2020-02-10T10:34:03","guid":{"rendered":"http:\/\/pageblogi.pl\/?p=3881"},"modified":"2020-02-10T10:34:03","modified_gmt":"2020-02-10T10:34:03","slug":"profesjonalnie-zorganizowane-pielgrzymki","status":"publish","type":"post","link":"http:\/\/pageblogi.pl\/?p=3881","title":{"rendered":"Profesjonalnie zorganizowane pielgrzymki"},"content":{"rendered":"<p>Ewidentnie macie zamys\u0142 nied\u0142ugo wybra\u0107 si\u0119 &#8211; samodzielnie albo przyk\u0142adowo z cz\u0142onkami rodziny &#8211; na nale\u017cycie zorganizowane pielgrzymki? Na prawd\u0119 wa\u017cna sprawa zwi\u0105zana z tym konkretnym tematem jest taka, \u017ce tutaj powinno si\u0119 decydowa\u0107 si\u0119 na adekwatnej jako\u015bci podmioty zajmuj\u0105ce si\u0119 organizacj\u0105 takich w\u0142a\u015bnie duchowych &#8211; kolokwialnie pisz\u0105c &#8211; przedsi\u0119wzi\u0119\u0107. Pielgrzymka powinna by\u0107 organizowana w g\u0142\u00f3wnej mierze przez taki podmiot, kt\u00f3ry ju\u017c jest relatywnie d\u0142ugo para si\u0119 tego rodzaju konkretnymi wydarzeniami. Co jeszcze musi by\u0107 bardzo wa\u017cne oraz istotne? Pielgrzymka mo\u017ce odbywa\u0107 si\u0119 tak de facto do rozmaitych miejsc albo kraj\u00f3w.<!--more--><\/p>\n<p>  Na prawd\u0119 du\u017co tutaj zale\u017cy zwyczajnie od decyzji turysty. Pielgrzymki odbywaj\u0105 si\u0119 na przyk\u0142ad do takiego pa\u0144stwa, jak W\u0142ochy. Chyba ka\u017cdy zgodzi si\u0119, \u017ce jest to jeden z najwa\u017cniejszych kraj\u00f3w pod tym wzgl\u0119dem. To w\u0142a\u015bnie tam przemawia, co niedziel\u0119 papie\u017c Franciszek i tym podobne. Jakie jeszcze lokalizacje s\u0105 de fakto warte wzi\u0119cia pod uwag\u0119 oraz zastanowienia si\u0119 nad nimi? Pielgrzymki do Medjugorie r\u00f3wnie\u017c s\u0105 coraz cz\u0119\u015bciej wybierane przez turyst\u00f3w nie tylko z Polski, niemniej jednak tak rzeczywi\u015bcie przez r\u00f3\u017cnorodne osoby z rozmaitych pa\u0144stw. Dlaczego taka sytuacja ma miejsce? Jest to bowiem s\u0142ynne \u015bwi\u0119te miejsce. Co jeszcze bra\u0107 pod uwag\u0119 decyduj\u0105c si\u0119 na si\u0119 na taki wypad? To nie tylko podmiot organizuj\u0105cy albo konkretna lokalizacja. Pielgrzymki musz\u0105 by\u0107 r\u00f3wnie\u017c wybierane pod k\u0105tem warunk\u00f3w maj\u0105tkowych. Nie brakuje os\u00f3b, kt\u00f3re uwzgl\u0119dniaj\u0105 \u015brodek transportu. Mo\u017cna na przyk\u0142ad podr\u00f3\u017cowa\u0107 samolotem albo autokarem itd.<br \/>\n<br \/>\u0179r\u00f3d\u0142o: <a href=\"http:\/\/www.duchowa.turystyka.pl\">Szlaki pielgrzymkowe<\/a>.<\/p>\n","protected":false},"excerpt":{"rendered":"<p>Ewidentnie macie zamys\u0142 nied\u0142ugo wybra\u0107 si\u0119 &#8211; samodzielnie albo przyk\u0142adowo z cz\u0142onkami rodziny &#8211; na nale\u017cycie zorganizowane pielgrzymki? Na prawd\u0119 wa\u017cna sprawa zwi\u0105zana z tym&hellip;<\/p>\n","protected":false},"author":1,"featured_media":0,"comment_status":"closed","ping_status":"open","sticky":false,"template":"","format":"standard","meta":[],"categories":[1],"tags":[],"_links":{"self":[{"href":"http:\/\/pageblogi.pl\/index.php?rest_route=\/wp\/v2\/posts\/3881"}],"collection":[{"href":"http:\/\/pageblogi.pl\/index.php?rest_route=\/wp\/v2\/posts"}],"about":[{"href":"http:\/\/pageblogi.pl\/index.php?rest_route=\/wp\/v2\/types\/post"}],"author":[{"embeddable":true,"href":"http:\/\/pageblogi.pl\/index.php?rest_route=\/wp\/v2\/users\/1"}],"replies":[{"embeddable":true,"href":"http:\/\/pageblogi.pl\/index.php?rest_route=%2Fwp%2Fv2%2Fcomments&post=3881"}],"version-history":[{"count":1,"href":"http:\/\/pageblogi.pl\/index.php?rest_route=\/wp\/v2\/posts\/3881\/revisions"}],"predecessor-version":[{"id":3882,"href":"http:\/\/pageblogi.pl\/index.php?rest_route=\/wp\/v2\/posts\/3881\/revisions\/3882"}],"wp:attachment":[{"href":"http:\/\/pageblogi.pl\/index.php?rest_route=%2Fwp%2Fv2%2Fmedia&parent=3881"}],"wp:term":[{"taxonomy":"category","embeddable":true,"href":"http:\/\/pageblogi.pl\/index.php?rest_route=%2Fwp%2Fv2%2Fcategories&post=3881"},{"taxonomy":"post_tag","embeddable":true,"href":"http:\/\/pageblogi.pl\/index.php?rest_route=%2Fwp%2Fv2%2Ftags&post=3881"}],"curies":[{"name":"wp","href":"https:\/\/api.w.org\/{rel}","templated":true}]}}